{"id":620,"date":"2016-11-03T14:34:08","date_gmt":"2016-11-03T13:34:08","guid":{"rendered":"http:\/\/muzeum.kokkarlino.pl\/?p=620"},"modified":"2016-12-02T09:17:49","modified_gmt":"2016-12-02T08:17:49","slug":"szkolne-dni-dziedzictwa-kulturowego","status":"publish","type":"post","link":"https:\/\/muzeum.kokkarlino.pl\/index.php\/2016\/11\/03\/szkolne-dni-dziedzictwa-kulturowego\/","title":{"rendered":"Szkolne Dni Dziedzictwa Kulturowego"},"content":{"rendered":"<p><img loading=\"lazy\" decoding=\"async\" class=\"aligncenter size-full wp-image-634\" src=\"https:\/\/muzeum.kokkarlino.pl\/wp-content\/uploads\/2016\/11\/Bez-nazwy-1.jpg\" alt=\"bez-nazwy-1\" width=\"362\" height=\"344\" srcset=\"https:\/\/muzeum.kokkarlino.pl\/wp-content\/uploads\/2016\/11\/Bez-nazwy-1.jpg 362w, https:\/\/muzeum.kokkarlino.pl\/wp-content\/uploads\/2016\/11\/Bez-nazwy-1-300x285.jpg 300w\" sizes=\"auto, (max-width: 362px) 100vw, 362px\" \/><\/p>\n<p>SZALENI HISTORYCY w dniach 08 \u2013 10 XI zorganizowali \u00a0Szkolne Dni Dziedzictwa Kulturowego kt\u00f3re by\u0142y organizowane na kszta\u0142t Europejskich Dni Dziedzictwa Kulturowego. Celem dzia\u0142a\u0144 by\u0142a popularyzacja dziedzictwa kulturowego w \u015brodowisku szkolnym. W ramach dzia\u0142a\u0144 zosta\u0142y zorganizowane wydarzenia kulturalne na terenie Zespo\u0142u Szk\u00f3\u0142 w Karlinie. Ca\u0142o\u015b\u0107 przedsi\u0119wzi\u0119cia mia\u0142o form\u0119 konkursu og\u00f3lnopolskiego, kt\u00f3ry by\u0142 organizowany przez Stowarzyszenie Historyk\u00f3w Sztuki oddzia\u0142 krakowski oraz Fundacj\u0119 Plenerownia w ramach projektu Sztuka na k\u00f3\u0142kach.<\/p>\n<p>Nasza m\u0142odzie\u017c kt\u00f3r\u0105 reprezentowa\u0142a grupa SZALONYCH HISTORYK\u00d3W zaj\u0119\u0142a drugie miejsce.\u00a0 DU\u017bE GRATULACJE!!!<\/p>\n<p>Wyniki konkursu poni\u017cej:<\/p>\n<p><a href=\"https:\/\/www.facebook.com\/permalink.php?story_fbid=1276368819070911&amp;id=104344126273392\" target=\"_blank\">https:\/\/www.facebook.com\/permalink.php?story_fbid=1276368819070911&amp;id=104344126273392<\/a><\/p>\n<p>&nbsp;<\/p>\n<p>&nbsp;<\/p>\n","protected":false},"excerpt":{"rendered":"<p>SZALENI HISTORYCY w dniach 08 \u2013 10 XI zorganizowali \u00a0Szkolne Dni Dziedzictwa Kulturowego kt\u00f3re by\u0142y organizowane na kszta\u0142t Europejskich Dni Dziedzictwa Kulturowego. Celem dzia\u0142a\u0144 by\u0142a popularyzacja dziedzictwa kulturowego w \u015brodowisku [&hellip;]<\/p>\n","protected":false},"author":1,"featured_media":635,"comment_status":"closed","ping_status":"closed","sticky":false,"template":"","format":"standard","meta":{"footnotes":""},"categories":[1],"tags":[],"class_list":["post-620","post","type-post","status-publish","format-standard","has-post-thumbnail","hentry","category-wydarzenia","clearfix"],"_links":{"self":[{"href":"https:\/\/muzeum.kokkarlino.pl\/index.php\/wp-json\/wp\/v2\/posts\/620","targetHints":{"allow":["GET"]}}],"collection":[{"href":"https:\/\/muzeum.kokkarlino.pl\/index.php\/wp-json\/wp\/v2\/posts"}],"about":[{"href":"https:\/\/muzeum.kokkarlino.pl\/index.php\/wp-json\/wp\/v2\/types\/post"}],"author":[{"embeddable":true,"href":"https:\/\/muzeum.kokkarlino.pl\/index.php\/wp-json\/wp\/v2\/users\/1"}],"replies":[{"embeddable":true,"href":"https:\/\/muzeum.kokkarlino.pl\/index.php\/wp-json\/wp\/v2\/comments?post=620"}],"version-history":[{"count":4,"href":"https:\/\/muzeum.kokkarlino.pl\/index.php\/wp-json\/wp\/v2\/posts\/620\/revisions"}],"predecessor-version":[{"id":637,"href":"https:\/\/muzeum.kokkarlino.pl\/index.php\/wp-json\/wp\/v2\/posts\/620\/revisions\/637"}],"wp:featuredmedia":[{"embeddable":true,"href":"https:\/\/muzeum.kokkarlino.pl\/index.php\/wp-json\/wp\/v2\/media\/635"}],"wp:attachment":[{"href":"https:\/\/muzeum.kokkarlino.pl\/index.php\/wp-json\/wp\/v2\/media?parent=620"}],"wp:term":[{"taxonomy":"category","embeddable":true,"href":"https:\/\/muzeum.kokkarlino.pl\/index.php\/wp-json\/wp\/v2\/categories?post=620"},{"taxonomy":"post_tag","embeddable":true,"href":"https:\/\/muzeum.kokkarlino.pl\/index.php\/wp-json\/wp\/v2\/tags?post=620"}],"curies":[{"name":"wp","href":"https:\/\/api.w.org\/{rel}","templated":true}]}}