{"id":615,"date":"2016-06-25T10:45:02","date_gmt":"2016-06-25T08:45:02","guid":{"rendered":"http:\/\/muzeum.kokkarlino.pl\/?p=615"},"modified":"2016-11-03T14:36:48","modified_gmt":"2016-11-03T13:36:48","slug":"nowy-eksponat-w-muzeum","status":"publish","type":"post","link":"https:\/\/muzeum.kokkarlino.pl\/index.php\/2016\/06\/25\/nowy-eksponat-w-muzeum\/","title":{"rendered":"Nowy eksponat w Muzeum"},"content":{"rendered":"<p><em>&#8230;jesieni\u0105 1966 roku zapad\u0142a decyzja o budowie zak\u0142ad\u00f3w p\u0142yt pil\u015bniowych i wi\u00f3rowych w Karlinie. Zbudowano je 2,5 km na p\u00f3\u0142noc od miasteczka. Sta\u0142o si\u0119 jasne, \u017ce los miasteczka z zak\u0142ad\u00f3w jest nierozerwalnie ze sob\u0105 zwi\u0105zany. Coraz cz\u0119\u015bciej zacz\u0119to powtarza\u0107, \u017ce Karlino P\u0142yt\u0105 stoi\u2026<\/em><\/p>\n<p style=\"text-align: right;\">Mira \u017bo\u0142tak, G\u0142os Pomorza<\/p>\n<p style=\"text-align: justify;\">Muzeum Ziemi Karli\u0144skiej wzbogaci\u0142o si\u0119 o kolejny eksponat. Tym razem dotyczy ekspozycji plenerowej, kt\u00f3ra mie\u015bci si\u0119 wok\u00f3\u0142 budynku muzeum. Jest to fragment mozaiki, kt\u00f3ra przez wiele lat zdobi\u0142a jeden z budynk\u00f3w Zak\u0142adu P\u0142yt Pil\u015bniowych i Wi\u00f3rowych, nast\u0119pnie Alpexu oraz Homanitu. Ta ostatnia od pocz\u0105tku swojej dzia\u0142alno\u015bci w Karlinie mocno inwestuje w infrastruktur\u0119 firmy. Tym samym zmodernizowa\u0142a by\u0142y ju\u017c Zak\u0142ad P\u0142yt Pil\u015bniowych w Karlinie. W\u0142a\u015bnie podczas jednej z modernizacji postanowiono rozebra\u0107 wspomnian\u0105 mozaik\u0119. Jej fragmenty przej\u0119\u0142o Muzeum Ziemi Karli\u0144skiej.<\/p>\n<p style=\"text-align: justify;\"><img loading=\"lazy\" decoding=\"async\" class=\"aligncenter size-large wp-image-613\" src=\"https:\/\/muzeum.kokkarlino.pl\/wp-content\/uploads\/2016\/10\/MZK3196-1024x680.jpg\" alt=\"_mzk3196\" width=\"1024\" height=\"680\" srcset=\"https:\/\/muzeum.kokkarlino.pl\/wp-content\/uploads\/2016\/10\/MZK3196.jpg 1024w, https:\/\/muzeum.kokkarlino.pl\/wp-content\/uploads\/2016\/10\/MZK3196-300x199.jpg 300w, https:\/\/muzeum.kokkarlino.pl\/wp-content\/uploads\/2016\/10\/MZK3196-768x510.jpg 768w, https:\/\/muzeum.kokkarlino.pl\/wp-content\/uploads\/2016\/10\/MZK3196-660x438.jpg 660w, https:\/\/muzeum.kokkarlino.pl\/wp-content\/uploads\/2016\/10\/MZK3196-450x299.jpg 450w, https:\/\/muzeum.kokkarlino.pl\/wp-content\/uploads\/2016\/10\/MZK3196-272x182.jpg 272w, https:\/\/muzeum.kokkarlino.pl\/wp-content\/uploads\/2016\/10\/MZK3196-400x266.jpg 400w\" sizes=\"auto, (max-width: 1024px) 100vw, 1024px\" \/><\/p>\n<p>Pocz\u0105tek Zak\u0142adu P\u0142yt Pil\u015bniowych i Wi\u00f3rowych w Karlinie to lata 70. XX wieku. Po kilkunastu latach dzia\u0142alno\u015bci zosta\u0142a zarejestrowana 1992 roku sp\u00f3\u0142ka\u00a0 Alpex, kt\u00f3ra kontynuowa\u0142a produkcje p\u0142yt. Niestety upad\u0142a pod koniec lat 90. XX w. Po upad\u0142o\u015bci Sp\u00f3\u0142ki Alpex wyros\u0142y P\u0142yty Karlino, kt\u00f3re r\u00f3wnie\u017c zbankrutowa\u0142y w 2002 roku. Kolejny w\u0142a\u015bciciel przej\u0105\u0142 zak\u0142ad w 2005 roku. Firma Homanit szybko uruchomi\u0142a now\u0105 lakierni\u0119, zainstalowa\u0142a nowoczesne pi\u0142y, nast\u0119pnie wybudowa\u0142a i wyposa\u017cy\u0142a nowe hale produkcyjne. W roku 2008 podczas kolejnej modernizacji zak\u0142adu zdecydowano si\u0119 na usuni\u0119cie budynku na kt\u00f3rym widnia\u0142a pami\u0119tna mozaika.<img loading=\"lazy\" decoding=\"async\" class=\"aligncenter size-large wp-image-614\" src=\"https:\/\/muzeum.kokkarlino.pl\/wp-content\/uploads\/2016\/10\/koniec-lat-80.-1024x701.jpg\" alt=\"koniec-lat-80\" width=\"1024\" height=\"701\" srcset=\"https:\/\/muzeum.kokkarlino.pl\/wp-content\/uploads\/2016\/10\/koniec-lat-80.-1024x701.jpg 1024w, https:\/\/muzeum.kokkarlino.pl\/wp-content\/uploads\/2016\/10\/koniec-lat-80.-300x205.jpg 300w, https:\/\/muzeum.kokkarlino.pl\/wp-content\/uploads\/2016\/10\/koniec-lat-80.-768x525.jpg 768w, https:\/\/muzeum.kokkarlino.pl\/wp-content\/uploads\/2016\/10\/koniec-lat-80.-660x452.jpg 660w, https:\/\/muzeum.kokkarlino.pl\/wp-content\/uploads\/2016\/10\/koniec-lat-80.-450x308.jpg 450w, https:\/\/muzeum.kokkarlino.pl\/wp-content\/uploads\/2016\/10\/koniec-lat-80.-400x274.jpg 400w\" sizes=\"auto, (max-width: 1024px) 100vw, 1024px\" \/><\/p>\n","protected":false},"excerpt":{"rendered":"<p>&#8230;jesieni\u0105 1966 roku zapad\u0142a decyzja o budowie zak\u0142ad\u00f3w p\u0142yt pil\u015bniowych i wi\u00f3rowych w Karlinie. Zbudowano je 2,5 km na p\u00f3\u0142noc od miasteczka. Sta\u0142o si\u0119 jasne, \u017ce los miasteczka z zak\u0142ad\u00f3w [&hellip;]<\/p>\n","protected":false},"author":1,"featured_media":617,"comment_status":"closed","ping_status":"closed","sticky":false,"template":"","format":"standard","meta":{"footnotes":""},"categories":[4,1],"tags":[],"class_list":["post-615","post","type-post","status-publish","format-standard","has-post-thumbnail","hentry","category-ogloszenia","category-wydarzenia","clearfix"],"_links":{"self":[{"href":"https:\/\/muzeum.kokkarlino.pl\/index.php\/wp-json\/wp\/v2\/posts\/615","targetHints":{"allow":["GET"]}}],"collection":[{"href":"https:\/\/muzeum.kokkarlino.pl\/index.php\/wp-json\/wp\/v2\/posts"}],"about":[{"href":"https:\/\/muzeum.kokkarlino.pl\/index.php\/wp-json\/wp\/v2\/types\/post"}],"author":[{"embeddable":true,"href":"https:\/\/muzeum.kokkarlino.pl\/index.php\/wp-json\/wp\/v2\/users\/1"}],"replies":[{"embeddable":true,"href":"https:\/\/muzeum.kokkarlino.pl\/index.php\/wp-json\/wp\/v2\/comments?post=615"}],"version-history":[{"count":1,"href":"https:\/\/muzeum.kokkarlino.pl\/index.php\/wp-json\/wp\/v2\/posts\/615\/revisions"}],"predecessor-version":[{"id":616,"href":"https:\/\/muzeum.kokkarlino.pl\/index.php\/wp-json\/wp\/v2\/posts\/615\/revisions\/616"}],"wp:featuredmedia":[{"embeddable":true,"href":"https:\/\/muzeum.kokkarlino.pl\/index.php\/wp-json\/wp\/v2\/media\/617"}],"wp:attachment":[{"href":"https:\/\/muzeum.kokkarlino.pl\/index.php\/wp-json\/wp\/v2\/media?parent=615"}],"wp:term":[{"taxonomy":"category","embeddable":true,"href":"https:\/\/muzeum.kokkarlino.pl\/index.php\/wp-json\/wp\/v2\/categories?post=615"},{"taxonomy":"post_tag","embeddable":true,"href":"https:\/\/muzeum.kokkarlino.pl\/index.php\/wp-json\/wp\/v2\/tags?post=615"}],"curies":[{"name":"wp","href":"https:\/\/api.w.org\/{rel}","templated":true}]}}