{"id":2812,"date":"2022-11-10T12:18:11","date_gmt":"2022-11-10T11:18:11","guid":{"rendered":"https:\/\/muzeum.kokkarlino.pl\/?p=2812"},"modified":"2022-11-10T12:19:50","modified_gmt":"2022-11-10T11:19:50","slug":"nowa-wystawa-czasowa","status":"publish","type":"post","link":"https:\/\/muzeum.kokkarlino.pl\/index.php\/2022\/11\/10\/nowa-wystawa-czasowa\/","title":{"rendered":"NOWA WYSTAWA CZASOWA"},"content":{"rendered":"\n<p style=\"text-align: justify;\">W dniu 28 pa\u017adziernika w Muzeum Ziemi Karli\u0144skiej uroczy\u015bcie otwarto now\u0105 wystaw\u0119 czasow\u0105 pn. \u201eAdam Wachol oraz Igor Je\u017cyna. Repliki pojazd\u00f3w i samolot\u00f3w militarnych\u201d. To prezentacja replik pojazd\u00f3w militarnych, samolot\u00f3w z okresu II wojny \u015bwiatowej w formie modeli. Modelarstwo to pasja polegaj\u0105ca na odwzorowywaniu rzeczywistych obiekt\u00f3w w postaci pomniejszonych modeli. Najcz\u0119\u015bciej pojmowane jest jako rozrywka, zabawa (hobby), mo\u017ce by\u0107 tak\u017ce sportem. Modelarstwo prezentowane na wystawie przede wszystkim wi\u0105zane jest z modelarstwem redukcyjnym, polegaj\u0105cym na mo\u017cliwie dok\u0142adnym odwzorowaniu wygl\u0105du obiektu, z zachowaniem okre\u015blonej skali. Takie modelarstwo prezentuj\u0105 autorzy wystawy, dwaj mieszka\u0144cy Karlina. Na ekspozycji mo\u017cna obejrze\u0107 modelarstwo plastikowe Igora Je\u017cyny i modelarstwo kartonowe kt\u00f3re reprezentuje Adam Wachol. To pomniejszone repliki pojazd\u00f3w militarnych, samolot\u00f3w z okresu II wojny \u015bwiatowej w formie tzw. dioram, makiet oraz obiekt\u00f3w wolnostoj\u0105cych.<\/p>\n<p>\u00a0<\/p>\n<p style=\"text-align: justify;\"><img loading=\"lazy\" decoding=\"async\" class=\"aligncenter wp-image-2813 size-large\" src=\"https:\/\/muzeum.kokkarlino.pl\/wp-content\/uploads\/2022\/11\/plakat_poziom-1024x582.jpg\" alt=\"\" width=\"1024\" height=\"582\" srcset=\"https:\/\/muzeum.kokkarlino.pl\/wp-content\/uploads\/2022\/11\/plakat_poziom-1024x582.jpg 1024w, https:\/\/muzeum.kokkarlino.pl\/wp-content\/uploads\/2022\/11\/plakat_poziom-300x170.jpg 300w, https:\/\/muzeum.kokkarlino.pl\/wp-content\/uploads\/2022\/11\/plakat_poziom-768x436.jpg 768w, https:\/\/muzeum.kokkarlino.pl\/wp-content\/uploads\/2022\/11\/plakat_poziom-1536x873.jpg 1536w, https:\/\/muzeum.kokkarlino.pl\/wp-content\/uploads\/2022\/11\/plakat_poziom-2048x1164.jpg 2048w, https:\/\/muzeum.kokkarlino.pl\/wp-content\/uploads\/2022\/11\/plakat_poziom-660x375.jpg 660w, https:\/\/muzeum.kokkarlino.pl\/wp-content\/uploads\/2022\/11\/plakat_poziom-450x256.jpg 450w\" sizes=\"auto, (max-width: 1024px) 100vw, 1024px\" \/><\/p>\n\n\n\n<p>\u00a0<\/p>\n<p>Wystawa udost\u0119pniona b\u0119dzie od 28 X do 23 XII w Muzeum Ziemi Karli\u0144skiej.<\/p>\n","protected":false},"excerpt":{"rendered":"<p>W dniu 28 pa\u017adziernika w Muzeum Ziemi Karli\u0144skiej uroczy\u015bcie otwarto now\u0105 wystaw\u0119 czasow\u0105 pn. \u201eAdam Wachol oraz Igor Je\u017cyna. Repliki pojazd\u00f3w i samolot\u00f3w militarnych\u201d. To prezentacja replik pojazd\u00f3w militarnych, samolot\u00f3w [&hellip;]<\/p>\n","protected":false},"author":1,"featured_media":2814,"comment_status":"closed","ping_status":"closed","sticky":false,"template":"","format":"standard","meta":{"footnotes":""},"categories":[1],"tags":[],"class_list":["post-2812","post","type-post","status-publish","format-standard","has-post-thumbnail","hentry","category-wydarzenia","clearfix"],"_links":{"self":[{"href":"https:\/\/muzeum.kokkarlino.pl\/index.php\/wp-json\/wp\/v2\/posts\/2812","targetHints":{"allow":["GET"]}}],"collection":[{"href":"https:\/\/muzeum.kokkarlino.pl\/index.php\/wp-json\/wp\/v2\/posts"}],"about":[{"href":"https:\/\/muzeum.kokkarlino.pl\/index.php\/wp-json\/wp\/v2\/types\/post"}],"author":[{"embeddable":true,"href":"https:\/\/muzeum.kokkarlino.pl\/index.php\/wp-json\/wp\/v2\/users\/1"}],"replies":[{"embeddable":true,"href":"https:\/\/muzeum.kokkarlino.pl\/index.php\/wp-json\/wp\/v2\/comments?post=2812"}],"version-history":[{"count":4,"href":"https:\/\/muzeum.kokkarlino.pl\/index.php\/wp-json\/wp\/v2\/posts\/2812\/revisions"}],"predecessor-version":[{"id":2818,"href":"https:\/\/muzeum.kokkarlino.pl\/index.php\/wp-json\/wp\/v2\/posts\/2812\/revisions\/2818"}],"wp:featuredmedia":[{"embeddable":true,"href":"https:\/\/muzeum.kokkarlino.pl\/index.php\/wp-json\/wp\/v2\/media\/2814"}],"wp:attachment":[{"href":"https:\/\/muzeum.kokkarlino.pl\/index.php\/wp-json\/wp\/v2\/media?parent=2812"}],"wp:term":[{"taxonomy":"category","embeddable":true,"href":"https:\/\/muzeum.kokkarlino.pl\/index.php\/wp-json\/wp\/v2\/categories?post=2812"},{"taxonomy":"post_tag","embeddable":true,"href":"https:\/\/muzeum.kokkarlino.pl\/index.php\/wp-json\/wp\/v2\/tags?post=2812"}],"curies":[{"name":"wp","href":"https:\/\/api.w.org\/{rel}","templated":true}]}}